{"id":440,"date":"2014-06-12T19:13:27","date_gmt":"2014-06-12T18:13:27","guid":{"rendered":"http:\/\/sourdeencentresdappels.merlinerie.com\/?p=440"},"modified":"2014-06-12T19:15:14","modified_gmt":"2014-06-12T18:15:14","slug":"f-n-s-f","status":"publish","type":"post","link":"https:\/\/sourdeencentresdappels.merlinerie.com\/?p=440","title":{"rendered":"F.N.S.F."},"content":{"rendered":"<h1>F\u00e9d\u00e9ration Nationale des Sourds de France<\/h1>\n<h1>Rencontre avec Claire MERLIN<\/h1>\n<div>Publi\u00e9 le <a title=\"13 h 26 min\" rel=\"bookmark\" href=\"http:\/\/fnsf.org\/rencontre-avec-claire-merlin\/\">9 octobre 2012<\/a> par  <a title=\"Afficher tous les articles par Ronit LEVEN\" rel=\"author\" href=\"http:\/\/fnsf.org\/author\/vicepresidente\/\">Ronit LEVEN<\/a><\/div>\n<p>Conf\u00e9rence \u00ab\u00a0Rencontre avec un auteur \u00a0\u00bb<\/p>\n<p>Claire MERLIN pr\u00e9sentera son ouvrage: \u00ab\u00a0Sourde au centre d\u2019appel\u00a0\u00bb<\/p>\n<p>Cet ouvrage relate le combat de vie d\u2019une salari\u00e9e de France T\u00e9l\u00e9com  qui tente de retrouver sa place au sein du groupe. (ou Plaidoyer pour  une distanciation int\u00e9grante envers les personnes en situation de  handicap\u00a0\u00bb)<br \/>\nBiblioth\u00e8que des sciences et de l\u2019industrie, Niveau -2 salle Jean Painlev\u00e9<\/p>\n<p>Le Samedi 13 octobre \u00e0 15h jusqu\u2019\u00e0 17h<\/p>\n<p>Pour en savoir plus cliquez <a title=\"FNSF\" href=\"http:\/\/fnsf.org\/rencontre-avec-claire-merlin\/\" target=\"_blank\">ICI<\/a><\/p>\n<p><a href=\"http:\/\/sourdeencentresdappels.merlinerie.com\/wp-content\/uploads\/FNSF.jpg\"><img loading=\"lazy\" decoding=\"async\" class=\"aligncenter size-full wp-image-441\" title=\"FNSF\" src=\"http:\/\/sourdeencentresdappels.merlinerie.com\/wp-content\/uploads\/FNSF.jpg\" alt=\"\" width=\"413\" height=\"559\" srcset=\"https:\/\/sourdeencentresdappels.merlinerie.com\/wp-content\/uploads\/FNSF.jpg 413w, https:\/\/sourdeencentresdappels.merlinerie.com\/wp-content\/uploads\/FNSF-221x300.jpg 221w\" sizes=\"auto, (max-width: 413px) 100vw, 413px\" \/><\/a><\/p>\n","protected":false},"excerpt":{"rendered":"<p>F\u00e9d\u00e9ration Nationale des Sourds de France Rencontre avec Claire MERLIN Publi\u00e9 le 9 octobre 2012 par Ronit LEVEN Conf\u00e9rence \u00ab\u00a0Rencontre avec un auteur \u00a0\u00bb Claire MERLIN pr\u00e9sentera son ouvrage: \u00ab\u00a0Sourde au centre d\u2019appel\u00a0\u00bb Cet ouvrage relate le combat de vie&hellip;<\/p>\n<p class=\"more-link-p\"><a class=\"more-link\" href=\"https:\/\/sourdeencentresdappels.merlinerie.com\/?p=440\">Read more &rarr;<\/a><\/p>\n","protected":false},"author":1,"featured_media":0,"comment_status":"closed","ping_status":"closed","sticky":false,"template":"","format":"standard","meta":{"footnotes":""},"categories":[8],"tags":[],"class_list":["post-440","post","type-post","status-publish","format-standard","hentry","category-medias"],"_links":{"self":[{"href":"https:\/\/sourdeencentresdappels.merlinerie.com\/index.php?rest_route=\/wp\/v2\/posts\/440","targetHints":{"allow":["GET"]}}],"collection":[{"href":"https:\/\/sourdeencentresdappels.merlinerie.com\/index.php?rest_route=\/wp\/v2\/posts"}],"about":[{"href":"https:\/\/sourdeencentresdappels.merlinerie.com\/index.php?rest_route=\/wp\/v2\/types\/post"}],"author":[{"embeddable":true,"href":"https:\/\/sourdeencentresdappels.merlinerie.com\/index.php?rest_route=\/wp\/v2\/users\/1"}],"replies":[{"embeddable":true,"href":"https:\/\/sourdeencentresdappels.merlinerie.com\/index.php?rest_route=%2Fwp%2Fv2%2Fcomments&post=440"}],"version-history":[{"count":4,"href":"https:\/\/sourdeencentresdappels.merlinerie.com\/index.php?rest_route=\/wp\/v2\/posts\/440\/revisions"}],"predecessor-version":[{"id":445,"href":"https:\/\/sourdeencentresdappels.merlinerie.com\/index.php?rest_route=\/wp\/v2\/posts\/440\/revisions\/445"}],"wp:attachment":[{"href":"https:\/\/sourdeencentresdappels.merlinerie.com\/index.php?rest_route=%2Fwp%2Fv2%2Fmedia&parent=440"}],"wp:term":[{"taxonomy":"category","embeddable":true,"href":"https:\/\/sourdeencentresdappels.merlinerie.com\/index.php?rest_route=%2Fwp%2Fv2%2Fcategories&post=440"},{"taxonomy":"post_tag","embeddable":true,"href":"https:\/\/sourdeencentresdappels.merlinerie.com\/index.php?rest_route=%2Fwp%2Fv2%2Ftags&post=440"}],"curies":[{"name":"wp","href":"https:\/\/api.w.org\/{rel}","templated":true}]}}